{"id":13424,"date":"2019-06-12T19:12:12","date_gmt":"2019-06-12T19:12:12","guid":{"rendered":"https:\/\/www.imaginatio.com.co\/MX3\/CLP\/?p=13424"},"modified":"2022-10-24T17:26:00","modified_gmt":"2022-10-24T17:26:00","slug":"laser-fraccionado-para-rejuvenecimiento-y-cicatrices","status":"publish","type":"post","link":"https:\/\/clinicalaserdepiel.com.co\/esp\/clinica\/laser-fraccionado-para-rejuvenecimiento-y-cicatrices","title":{"rendered":"L\u00e1ser Fraccionado Para Rejuvenecimiento y Cicatrices"},"content":{"rendered":"<section class=\"wpb-content-wrapper\"><p>[vc_row][vc_column width=&#8221;1\/2&#8243;][vc_column_text]<\/p>\n<div class=\"columnheadlineabout\">\n<h4>L\u00e1ser Fraccionado Para Rejuvenecimiento y Cicatrices<\/h4>\n<\/div>\n<h5>&#8211; \u201cDescubra la Belleza de su Piel con L\u00e1ser\u201d &#8211;<\/h5>\n<div class=\"circleimage4\"><img decoding=\"async\" class=\"alignleft\" src=\"https:\/\/clinicalaserdepiel.com.co\/esp\/wp-content\/uploads\/2019\/06\/Laser-Fraccionado-Para-Rejuvenecimiento-y-Cicatrices.jpg.png\" \/><\/div>\n<p class=\" text-left\">El novedoso sistema de l\u00e1ser fraccionado es una tecnolog\u00eda que permite\u00a0\u00a0en forma segura y en pocas sesiones un rejuvenecimiento profundo de la piel, con una m\u00ednima incapacidad.<\/p>\n<p class=\" text-left\">Hasta la fecha, los l\u00e1seres no quir\u00fargicos requer\u00edan de muchas sesiones 6 a 8 para un rejuvenecimiento moderado y era solo para arrugas leves; pero los l\u00e1seres fraccionados que posee la Cl\u00ednica L\u00e1ser de Piel, permiten llegar muy profundo en la piel a trav\u00e9s de disparos fraccionados, dejando la piel sana alrededor, lo que permite una remodelaci\u00f3n del col\u00e1geno a gran escala, dando paso a una piel m\u00e1s joven y bella. Mejora los signos de envejecimiento tales como discrom\u00edas, poros abiertos y arrugas moderadas a severas; adicional mejora notablemente las cicatrices de acn\u00e9 y estr\u00edas mediante la generaci\u00f3n de nuevo col\u00e1geno.<\/p>\n<p class=\" text-left\">El l\u00e1ser fraccionado de la Cl\u00ednica L\u00e1ser de Piel est\u00e1 aprobado por la FDA de USA y permite un rejuvenecimiento y tratamiento de cicatrices deprimidas y de acn\u00e9 en forma segura.<\/p>\n<p>Ventajas:<\/p>\n<ul>\n<li>Estimula la formaci\u00f3n de nuevo col\u00e1geno y la contracci\u00f3n de la piel<\/li>\n<li>Mejora Poros y Textura<\/li>\n<li>Mejora arrugas severas y moderadas<\/li>\n<li>Mejora cicatrices y estr\u00edas<\/li>\n<\/ul>\n<p>Precauciones y Cuidados luego de Realizarse el Tratamiento<\/p>\n<p>El paciente puede presentar un eritema (enrojecimiento) y una leve inflamaci\u00f3n durante los primeros 3 d\u00edas aproximadamente, en los cuales debe abstenerse de asolearse, esto va disminuyendo cada d\u00eda, dando paso a una piel renovada m\u00e1s tersa y joven. Despu\u00e9s aparecer\u00e1 una microcostra similar a la de una quemadura por el sol, la cual se renueve naturalmente en aprox. 7 d\u00edas. En esta etapa el paciente puede maquillarse y lucir\u00e1 con una piel joven y hermosa.[\/vc_column_text][\/vc_column][vc_column width=&#8221;1\/2&#8243;]\n<div class=\"wpcf7 no-js\" id=\"wpcf7-f14168-o1\" lang=\"es-CO\" dir=\"ltr\">\n<div class=\"screen-reader-response\"><p role=\"status\" aria-live=\"polite\" aria-atomic=\"true\"><\/p> <ul><\/ul><\/div>\n<form action=\"\/esp\/wp-json\/wp\/v2\/posts\/13424#wpcf7-f14168-o1\" method=\"post\" class=\"wpcf7-form init\" aria-label=\"Formulario de contacto\" novalidate=\"novalidate\" data-status=\"init\">\n<div style=\"display: none;\">\n<input type=\"hidden\" name=\"_wpcf7\" value=\"14168\" \/>\n<input type=\"hidden\" name=\"_wpcf7_version\" value=\"5.9.8\" \/>\n<input type=\"hidden\" name=\"_wpcf7_locale\" value=\"es_CO\" \/>\n<input type=\"hidden\" name=\"_wpcf7_unit_tag\" value=\"wpcf7-f14168-o1\" \/>\n<input type=\"hidden\" name=\"_wpcf7_container_post\" value=\"0\" \/>\n<input type=\"hidden\" name=\"_wpcf7_posted_data_hash\" value=\"\" \/>\n<input type=\"hidden\" name=\"_wpcf7_recaptcha_response\" value=\"\" \/>\n<\/div>\n<h2 class=\"titulos\" style=\"line-height:4vh; text-align:center; color:rgb(59 72 147)!important;\">\u00bfTiene preguntas? Cont\u00e1ctenos\n<\/h2>\n<div class=\"form__container\">\n\t<div class=\"form__home__group\">\n\t\t<p><label> \u00bfEres paciente de Cl\u00ednica L\u00e1ser de Piel Colombia?<\/label><br \/>\n<span class=\"wpcf7-form-control-wrap\" data-name=\"radio-230\"><span class=\"wpcf7-form-control wpcf7-radio\"><span class=\"wpcf7-list-item first\"><input type=\"radio\" name=\"radio-230\" value=\"Si\" checked=\"checked\" \/><span class=\"wpcf7-list-item-label\">Si<\/span><\/span><span class=\"wpcf7-list-item last\"><input type=\"radio\" name=\"radio-230\" value=\"No\" \/><span class=\"wpcf7-list-item-label\">No<\/span><\/span><\/span><\/span>\n\t\t<\/p>\n\t<\/div>\n\t<div class=\"form__home__group\">\n\t\t<p><span class=\"wpcf7-form-control-wrap\" data-name=\"your-name\"><input size=\"40\" maxlength=\"400\" class=\"wpcf7-form-control wpcf7-text wpcf7-validates-as-required\" aria-required=\"true\" aria-invalid=\"false\" placeholder=\"Nombres\" value=\"\" type=\"text\" name=\"your-name\" \/><\/span>\n\t\t<\/p>\n\t\t<p><span class=\"wpcf7-form-control-wrap\" data-name=\"tel-834\"><input size=\"40\" maxlength=\"400\" class=\"wpcf7-form-control wpcf7-tel wpcf7-validates-as-required wpcf7-text wpcf7-validates-as-tel\" aria-required=\"true\" aria-invalid=\"false\" placeholder=\"Tel\u00e9fono\" value=\"\" type=\"tel\" name=\"tel-834\" \/><\/span>\n\t\t<\/p>\n\t<\/div>\n\t<div class=\"form__home__group\">\n\t\t<p><span class=\"wpcf7-form-control-wrap\" data-name=\"your-email\"><input size=\"40\" maxlength=\"400\" class=\"wpcf7-form-control wpcf7-email wpcf7-validates-as-required wpcf7-text wpcf7-validates-as-email\" aria-required=\"true\" aria-invalid=\"false\" placeholder=\"Correo\" value=\"\" type=\"email\" name=\"your-email\" \/><\/span>\n\t\t<\/p>\n\t<\/div>\n\t<div class=\"form__home__group\">\n\t\t<p><span class=\"wpcf7-form-control-wrap\" data-name=\"ciudad\"><select class=\"wpcf7-form-control wpcf7-select wpcf7-validates-as-required placeholder-style\" aria-required=\"true\" aria-invalid=\"false\" name=\"ciudad\"><option value=\"\">\u00bfEn qu\u00e9 ciudad desea recibir atenci\u00f3n presencial?<\/option><option value=\"Bogot\u00e1\">Bogot\u00e1<\/option><option value=\"Medell\u00edn\">Medell\u00edn<\/option><option value=\"Cali\">Cali<\/option><option value=\"Barranquilla\">Barranquilla<\/option><\/select><\/span>\n\t\t<\/p>\n\t<\/div>\n\t<div class=\"form__home__group\">\n\t\t<p><span class=\"wpcf7-form-control-wrap\" data-name=\"tratamiento\"><select class=\"wpcf7-form-control wpcf7-select wpcf7-validates-as-required\" aria-required=\"true\" aria-invalid=\"false\" name=\"tratamiento\"><option value=\"\">Tratamiento de inter\u00e9s<\/option><option value=\"Acn\u00e9 activo\">Acn\u00e9 activo<\/option><option value=\"Bolsas en ojos\">Bolsas en ojos<\/option><option value=\"Cicatrices\">Cicatrices<\/option><option value=\"Depilaci\u00f3n l\u00e1ser\">Depilaci\u00f3n l\u00e1ser<\/option><option value=\"Estr\u00edas\">Estr\u00edas<\/option><option value=\"Hiperpigmentaci\u00f3n labial\">Hiperpigmentaci\u00f3n labial<\/option><option value=\"Lifting facial\">Lifting facial<\/option><option value=\"Pecas, manchas y melasma\">Pecas, manchas y melasma<\/option><option value=\"Moldeamiento corporal, reducci\u00f3n de medidas, celulitis\">Moldeamiento corporal, reducci\u00f3n de medidas, celulitis<\/option><option value=\"Rejuvenecimiento facial\">Rejuvenecimiento facial<\/option><option value=\"Remoci\u00f3n de tatuajes\">Remoci\u00f3n de tatuajes<\/option><option value=\"Venas en piernas\">Venas en piernas<\/option><option value=\"Otro\">Otro<\/option><\/select><\/span>\n\t\t<\/p>\n\t<\/div>\n<\/div>\n<div class=\"form__home__group__no__flex\">\n\t<p><span class=\"wpcf7-form-control-wrap\" data-name=\"your-message\"><textarea cols=\"40\" rows=\"10\" maxlength=\"2000\" class=\"wpcf7-form-control wpcf7-textarea\" aria-invalid=\"false\" placeholder=\"Mensaje\" name=\"your-message\"><\/textarea><\/span>\n\t<\/p>\n<\/div>\n<div class=\"form__home__group__no__flex\">\n\t<p class=\"parrafos\" style=\"font-size:12px;line-height:16px;text-align: justify;\">De manera voluntaria, expl\u00edcita, informada e inequ\u00edvoca, autorizo a Cl\u00ednica L\u00e1ser de Piel para tratar mis datos personales, de acuerdo con lo dispuesto en los art\u00edculos 5, 7 y concordantes del Decreto 1377 de 2013 y las dem\u00e1s disposiciones legales referentes al tema. Para mayor informaci\u00f3n acerca del manejo de tus datos personales, puedes revisar nuestra <label><a href=\"https:\/\/clinicalaserdepiel.com.co\/esp\/publicaciones\/politica-de-manejo-de-datos\" target=\"_blank\" style=\"border-bottom:1px solid #171775;\"> pol\u00edtica de tratamiento de datos.<\/a><\/label>\n\t<\/p>\n<\/div>\n<div style=\"display: flex; justify-content: center;\">\n\t<p><input class=\"wpcf7-form-control wpcf7-submit has-spinner\" type=\"submit\" value=\"Enviar\" \/>\n\t<\/p>\n<\/div>\n\n<p style=\"display: none !important;\" class=\"akismet-fields-container\" data-prefix=\"_wpcf7_ak_\"><label>&#916;<textarea name=\"_wpcf7_ak_hp_textarea\" cols=\"45\" rows=\"8\" maxlength=\"100\"><\/textarea><\/label><input type=\"hidden\" id=\"ak_js_1\" name=\"_wpcf7_ak_js\" value=\"199\"\/><script>document.getElementById( \"ak_js_1\" ).setAttribute( \"value\", ( new Date() ).getTime() );<\/script><\/p><div class=\"wpcf7-response-output\" aria-hidden=\"true\"><\/div>\n<\/form>\n<\/div>\n[\/vc_column][\/vc_row]<\/p>\n<\/section>","protected":false},"excerpt":{"rendered":"<p>Lorem ipsum gravida nibh vel velit auctor aliqunean sollicitudinlorem quis bibendum auci elit consequat ipsutis sem nibh id elit. Duis sed odio sit amet nibh vulputate cursus a sit amet mauris. Morbiaccumsan ipsum velit. Nam nec tellus a odio tincidunt auctor a ornare odio. Sed non  mauris vitae erat consequat auctor eu in elit. Class aptent taciti sociosqu ad litora torquent per conubia nostra, per inceptos himenaeos. Mauris in erat justo. Nullam ac urna eu felis dapibus condimentum sit amet a augue. Sed non neque elit. Sed ut imperdiet nisi. Proin condimentum fermentum nunc.<\/p>\n","protected":false},"author":2,"featured_media":13628,"comment_status":"open","ping_status":"open","sticky":false,"template":"","format":"standard","meta":{"footnotes":""},"categories":[429,432],"tags":[109,157],"class_list":["post-13424","post","type-post","status-publish","format-standard","has-post-thumbnail","hentry","category-clinica","category-noticias","tag-design","tag-startup"],"_links":{"self":[{"href":"https:\/\/clinicalaserdepiel.com.co\/esp\/wp-json\/wp\/v2\/posts\/13424"}],"collection":[{"href":"https:\/\/clinicalaserdepiel.com.co\/esp\/wp-json\/wp\/v2\/posts"}],"about":[{"href":"https:\/\/clinicalaserdepiel.com.co\/esp\/wp-json\/wp\/v2\/types\/post"}],"author":[{"embeddable":true,"href":"https:\/\/clinicalaserdepiel.com.co\/esp\/wp-json\/wp\/v2\/users\/2"}],"replies":[{"embeddable":true,"href":"https:\/\/clinicalaserdepiel.com.co\/esp\/wp-json\/wp\/v2\/comments?post=13424"}],"version-history":[{"count":1,"href":"https:\/\/clinicalaserdepiel.com.co\/esp\/wp-json\/wp\/v2\/posts\/13424\/revisions"}],"predecessor-version":[{"id":17473,"href":"https:\/\/clinicalaserdepiel.com.co\/esp\/wp-json\/wp\/v2\/posts\/13424\/revisions\/17473"}],"wp:featuredmedia":[{"embeddable":true,"href":"https:\/\/clinicalaserdepiel.com.co\/esp\/wp-json\/wp\/v2\/media\/13628"}],"wp:attachment":[{"href":"https:\/\/clinicalaserdepiel.com.co\/esp\/wp-json\/wp\/v2\/media?parent=13424"}],"wp:term":[{"taxonomy":"category","embeddable":true,"href":"https:\/\/clinicalaserdepiel.com.co\/esp\/wp-json\/wp\/v2\/categories?post=13424"},{"taxonomy":"post_tag","embeddable":true,"href":"https:\/\/clinicalaserdepiel.com.co\/esp\/wp-json\/wp\/v2\/tags?post=13424"}],"curies":[{"name":"wp","href":"https:\/\/api.w.org\/{rel}","templated":true}]}}